{"id":10965,"date":"2023-05-30T09:37:58","date_gmt":"2023-05-30T07:37:58","guid":{"rendered":"https:\/\/ringstedmaskinfabrik.dk\/geschlossen-waehrend-der-sommerferien-2\/"},"modified":"2023-05-30T09:37:58","modified_gmt":"2023-05-30T07:37:58","slug":"geschlossen-waehrend-der-sommerferien-2","status":"publish","type":"post","link":"https:\/\/ringstedmaskinfabrik.dk\/de\/geschlossen-waehrend-der-sommerferien-2\/","title":{"rendered":"Geschlossen w\u00e4hrend der Sommerferien"},"content":{"rendered":"<p data-start=\"9300\" data-end=\"9443\">Der Sommer steht vor der T\u00fcr, und wir w\u00fcnschen Ihnen eine wunderbare Zeit voller guter Erlebnisse.<\/p>\n<p data-start=\"9445\" data-end=\"9645\">Wir m\u00f6chten uns au\u00dferdem herzlich bei allen bedanken, denen wir bei kleinen und gro\u00dfen Projekten helfen durften. Ihr Vertrauen und Ihre Zusammenarbeit waren f\u00fcr uns eine gro\u00dfe Freude und Motivation.<\/p>\n<p data-start=\"9647\" data-end=\"9841\">Nach den Ferien kehren wir mit neuer Energie und Begeisterung zur\u00fcck. Wir freuen uns auf ein spannendes zweites Halbjahr 2023, in dem wir weiterhin Qualit\u00e4tsl\u00f6sungen und Fachkompetenz liefern.<\/p>\n<p data-start=\"9843\" data-end=\"10045\">Wenn Sie Unterst\u00fctzung f\u00fcr kommende Projekte ben\u00f6tigen, k\u00f6nnen Sie uns jederzeit kontaktieren. Wir stehen bereit, um Ihre Anforderungen zu erf\u00fcllen und unsere erfolgreiche Zusammenarbeit fortzusetzen.<\/p>\n<p data-start=\"10047\" data-end=\"10085\">Einen sch\u00f6nen Sommer \u2013 und bis bald!<\/p>\n","protected":false},"excerpt":{"rendered":"<p>Ringsted Maskinfabrik ist vom 24. Juli bis zum 4. August geschlossen.<\/p>\n","protected":false},"author":5,"featured_media":10790,"comment_status":"closed","ping_status":"closed","sticky":false,"template":"","format":"standard","meta":{"_acf_changed":false,"footnotes":""},"categories":[72],"tags":[],"class_list":["post-10965","post","type-post","status-publish","format-standard","has-post-thumbnail","hentry","category-nicht-kategorisiert"],"acf":[],"yoast_head":"<!-- This site is optimized with the Yoast SEO plugin v27.4 - https:\/\/yoast.com\/product\/yoast-seo-wordpress\/ -->\n<title>Geschlossen w\u00e4hrend der Sommerferien | Ringsted Maskinfabrik ApS<\/title>\n<meta name=\"robots\" content=\"index, follow, max-snippet:-1, max-image-preview:large, max-video-preview:-1\" \/>\n<link rel=\"canonical\" href=\"https:\/\/ringstedmaskinfabrik.dk\/de\/geschlossen-waehrend-der-sommerferien-2\/\" \/>\n<meta property=\"og:locale\" content=\"de_DE\" \/>\n<meta property=\"og:type\" content=\"article\" \/>\n<meta property=\"og:title\" content=\"Geschlossen w\u00e4hrend der Sommerferien | Ringsted Maskinfabrik ApS\" \/>\n<meta property=\"og:description\" content=\"Ringsted Maskinfabrik ist vom 24. Juli bis zum 4. August geschlossen.\" \/>\n<meta property=\"og:url\" content=\"https:\/\/ringstedmaskinfabrik.dk\/de\/geschlossen-waehrend-der-sommerferien-2\/\" \/>\n<meta property=\"og:site_name\" content=\"Ringsted Maskinfabrik ApS\" \/>\n<meta property=\"article:published_time\" content=\"2023-05-30T07:37:58+00:00\" \/>\n<meta property=\"og:image\" content=\"https:\/\/ringstedmaskinfabrik.dk\/wp-content\/uploads\/2023\/05\/sommerferie-2023-ringsted-maskinfabrik_1928.png\" \/>\n\t<meta property=\"og:image:width\" content=\"800\" \/>\n\t<meta property=\"og:image:height\" content=\"800\" \/>\n\t<meta property=\"og:image:type\" content=\"image\/png\" \/>\n<meta name=\"author\" content=\"Admin\" \/>\n<meta name=\"twitter:card\" content=\"summary_large_image\" \/>\n<meta name=\"twitter:label1\" content=\"Verfasst von\" \/>\n\t<meta name=\"twitter:data1\" content=\"Admin\" \/>\n\t<meta name=\"twitter:label2\" content=\"Gesch\u00e4tzte Lesezeit\" \/>\n\t<meta name=\"twitter:data2\" content=\"1\u00a0Minute\" \/>\n<script type=\"application\/ld+json\" class=\"yoast-schema-graph\">{\"@context\":\"https:\\\/\\\/schema.org\",\"@graph\":[{\"@type\":\"Article\",\"@id\":\"https:\\\/\\\/ringstedmaskinfabrik.dk\\\/de\\\/geschlossen-waehrend-der-sommerferien-2\\\/#article\",\"isPartOf\":{\"@id\":\"https:\\\/\\\/ringstedmaskinfabrik.dk\\\/de\\\/geschlossen-waehrend-der-sommerferien-2\\\/\"},\"author\":{\"name\":\"Admin\",\"@id\":\"https:\\\/\\\/ringstedmaskinfabrik.dk\\\/de\\\/#\\\/schema\\\/person\\\/96d63667aad9670b457302591565748f\"},\"headline\":\"Geschlossen w\u00e4hrend der Sommerferien\",\"datePublished\":\"2023-05-30T07:37:58+00:00\",\"mainEntityOfPage\":{\"@id\":\"https:\\\/\\\/ringstedmaskinfabrik.dk\\\/de\\\/geschlossen-waehrend-der-sommerferien-2\\\/\"},\"wordCount\":125,\"publisher\":{\"@id\":\"https:\\\/\\\/ringstedmaskinfabrik.dk\\\/de\\\/#organization\"},\"image\":{\"@id\":\"https:\\\/\\\/ringstedmaskinfabrik.dk\\\/de\\\/geschlossen-waehrend-der-sommerferien-2\\\/#primaryimage\"},\"thumbnailUrl\":\"https:\\\/\\\/ringstedmaskinfabrik.dk\\\/wp-content\\\/uploads\\\/2023\\\/05\\\/sommerferie-2023-ringsted-maskinfabrik_1928.png\",\"articleSection\":[\"Nicht kategorisiert\"],\"inLanguage\":\"de\"},{\"@type\":\"WebPage\",\"@id\":\"https:\\\/\\\/ringstedmaskinfabrik.dk\\\/de\\\/geschlossen-waehrend-der-sommerferien-2\\\/\",\"url\":\"https:\\\/\\\/ringstedmaskinfabrik.dk\\\/de\\\/geschlossen-waehrend-der-sommerferien-2\\\/\",\"name\":\"Geschlossen w\u00e4hrend der Sommerferien | Ringsted Maskinfabrik ApS\",\"isPartOf\":{\"@id\":\"https:\\\/\\\/ringstedmaskinfabrik.dk\\\/de\\\/#website\"},\"primaryImageOfPage\":{\"@id\":\"https:\\\/\\\/ringstedmaskinfabrik.dk\\\/de\\\/geschlossen-waehrend-der-sommerferien-2\\\/#primaryimage\"},\"image\":{\"@id\":\"https:\\\/\\\/ringstedmaskinfabrik.dk\\\/de\\\/geschlossen-waehrend-der-sommerferien-2\\\/#primaryimage\"},\"thumbnailUrl\":\"https:\\\/\\\/ringstedmaskinfabrik.dk\\\/wp-content\\\/uploads\\\/2023\\\/05\\\/sommerferie-2023-ringsted-maskinfabrik_1928.png\",\"datePublished\":\"2023-05-30T07:37:58+00:00\",\"breadcrumb\":{\"@id\":\"https:\\\/\\\/ringstedmaskinfabrik.dk\\\/de\\\/geschlossen-waehrend-der-sommerferien-2\\\/#breadcrumb\"},\"inLanguage\":\"de\",\"potentialAction\":[{\"@type\":\"ReadAction\",\"target\":[\"https:\\\/\\\/ringstedmaskinfabrik.dk\\\/de\\\/geschlossen-waehrend-der-sommerferien-2\\\/\"]}]},{\"@type\":\"ImageObject\",\"inLanguage\":\"de\",\"@id\":\"https:\\\/\\\/ringstedmaskinfabrik.dk\\\/de\\\/geschlossen-waehrend-der-sommerferien-2\\\/#primaryimage\",\"url\":\"https:\\\/\\\/ringstedmaskinfabrik.dk\\\/wp-content\\\/uploads\\\/2023\\\/05\\\/sommerferie-2023-ringsted-maskinfabrik_1928.png\",\"contentUrl\":\"https:\\\/\\\/ringstedmaskinfabrik.dk\\\/wp-content\\\/uploads\\\/2023\\\/05\\\/sommerferie-2023-ringsted-maskinfabrik_1928.png\",\"width\":800,\"height\":800},{\"@type\":\"BreadcrumbList\",\"@id\":\"https:\\\/\\\/ringstedmaskinfabrik.dk\\\/de\\\/geschlossen-waehrend-der-sommerferien-2\\\/#breadcrumb\",\"itemListElement\":[{\"@type\":\"ListItem\",\"position\":1,\"name\":\"Forside\",\"item\":\"https:\\\/\\\/ringstedmaskinfabrik.dk\\\/de\\\/\"},{\"@type\":\"ListItem\",\"position\":2,\"name\":\"Geschlossen w\u00e4hrend der Sommerferien\"}]},{\"@type\":\"WebSite\",\"@id\":\"https:\\\/\\\/ringstedmaskinfabrik.dk\\\/de\\\/#website\",\"url\":\"https:\\\/\\\/ringstedmaskinfabrik.dk\\\/de\\\/\",\"name\":\"Ringsted Maskinfabrik ApS\",\"description\":\"CNC-fr\u00e6sning, CNC-drejning, pladebearbejdning, svejsning, mekanisk montage m.m.\",\"publisher\":{\"@id\":\"https:\\\/\\\/ringstedmaskinfabrik.dk\\\/de\\\/#organization\"},\"potentialAction\":[{\"@type\":\"SearchAction\",\"target\":{\"@type\":\"EntryPoint\",\"urlTemplate\":\"https:\\\/\\\/ringstedmaskinfabrik.dk\\\/de\\\/?s={search_term_string}\"},\"query-input\":{\"@type\":\"PropertyValueSpecification\",\"valueRequired\":true,\"valueName\":\"search_term_string\"}}],\"inLanguage\":\"de\"},{\"@type\":\"Organization\",\"@id\":\"https:\\\/\\\/ringstedmaskinfabrik.dk\\\/de\\\/#organization\",\"name\":\"Ringsted Maskinfabrik ApS\",\"url\":\"https:\\\/\\\/ringstedmaskinfabrik.dk\\\/de\\\/\",\"logo\":{\"@type\":\"ImageObject\",\"inLanguage\":\"de\",\"@id\":\"https:\\\/\\\/ringstedmaskinfabrik.dk\\\/de\\\/#\\\/schema\\\/logo\\\/image\\\/\",\"url\":\"https:\\\/\\\/ringstedmaskinfabrik.dk\\\/wp-content\\\/uploads\\\/2025\\\/10\\\/imgi_3_logo-ringstedmaskinfabrik_708.png\",\"contentUrl\":\"https:\\\/\\\/ringstedmaskinfabrik.dk\\\/wp-content\\\/uploads\\\/2025\\\/10\\\/imgi_3_logo-ringstedmaskinfabrik_708.png\",\"width\":230,\"height\":94,\"caption\":\"Ringsted Maskinfabrik ApS\"},\"image\":{\"@id\":\"https:\\\/\\\/ringstedmaskinfabrik.dk\\\/de\\\/#\\\/schema\\\/logo\\\/image\\\/\"}},{\"@type\":\"Person\",\"@id\":\"https:\\\/\\\/ringstedmaskinfabrik.dk\\\/de\\\/#\\\/schema\\\/person\\\/96d63667aad9670b457302591565748f\",\"name\":\"Admin\",\"url\":\"https:\\\/\\\/ringstedmaskinfabrik.dk\\\/de\\\/author\\\/admin\\\/\"}]}<\/script>\n<!-- \/ Yoast SEO plugin. -->","yoast_head_json":{"title":"Geschlossen w\u00e4hrend der Sommerferien | Ringsted Maskinfabrik ApS","robots":{"index":"index","follow":"follow","max-snippet":"max-snippet:-1","max-image-preview":"max-image-preview:large","max-video-preview":"max-video-preview:-1"},"canonical":"https:\/\/ringstedmaskinfabrik.dk\/de\/geschlossen-waehrend-der-sommerferien-2\/","og_locale":"de_DE","og_type":"article","og_title":"Geschlossen w\u00e4hrend der Sommerferien | Ringsted Maskinfabrik ApS","og_description":"Ringsted Maskinfabrik ist vom 24. Juli bis zum 4. August geschlossen.","og_url":"https:\/\/ringstedmaskinfabrik.dk\/de\/geschlossen-waehrend-der-sommerferien-2\/","og_site_name":"Ringsted Maskinfabrik ApS","article_published_time":"2023-05-30T07:37:58+00:00","og_image":[{"width":800,"height":800,"url":"https:\/\/ringstedmaskinfabrik.dk\/wp-content\/uploads\/2023\/05\/sommerferie-2023-ringsted-maskinfabrik_1928.png","type":"image\/png"}],"author":"Admin","twitter_card":"summary_large_image","twitter_misc":{"Verfasst von":"Admin","Gesch\u00e4tzte Lesezeit":"1\u00a0Minute"},"schema":{"@context":"https:\/\/schema.org","@graph":[{"@type":"Article","@id":"https:\/\/ringstedmaskinfabrik.dk\/de\/geschlossen-waehrend-der-sommerferien-2\/#article","isPartOf":{"@id":"https:\/\/ringstedmaskinfabrik.dk\/de\/geschlossen-waehrend-der-sommerferien-2\/"},"author":{"name":"Admin","@id":"https:\/\/ringstedmaskinfabrik.dk\/de\/#\/schema\/person\/96d63667aad9670b457302591565748f"},"headline":"Geschlossen w\u00e4hrend der Sommerferien","datePublished":"2023-05-30T07:37:58+00:00","mainEntityOfPage":{"@id":"https:\/\/ringstedmaskinfabrik.dk\/de\/geschlossen-waehrend-der-sommerferien-2\/"},"wordCount":125,"publisher":{"@id":"https:\/\/ringstedmaskinfabrik.dk\/de\/#organization"},"image":{"@id":"https:\/\/ringstedmaskinfabrik.dk\/de\/geschlossen-waehrend-der-sommerferien-2\/#primaryimage"},"thumbnailUrl":"https:\/\/ringstedmaskinfabrik.dk\/wp-content\/uploads\/2023\/05\/sommerferie-2023-ringsted-maskinfabrik_1928.png","articleSection":["Nicht kategorisiert"],"inLanguage":"de"},{"@type":"WebPage","@id":"https:\/\/ringstedmaskinfabrik.dk\/de\/geschlossen-waehrend-der-sommerferien-2\/","url":"https:\/\/ringstedmaskinfabrik.dk\/de\/geschlossen-waehrend-der-sommerferien-2\/","name":"Geschlossen w\u00e4hrend der Sommerferien | Ringsted Maskinfabrik ApS","isPartOf":{"@id":"https:\/\/ringstedmaskinfabrik.dk\/de\/#website"},"primaryImageOfPage":{"@id":"https:\/\/ringstedmaskinfabrik.dk\/de\/geschlossen-waehrend-der-sommerferien-2\/#primaryimage"},"image":{"@id":"https:\/\/ringstedmaskinfabrik.dk\/de\/geschlossen-waehrend-der-sommerferien-2\/#primaryimage"},"thumbnailUrl":"https:\/\/ringstedmaskinfabrik.dk\/wp-content\/uploads\/2023\/05\/sommerferie-2023-ringsted-maskinfabrik_1928.png","datePublished":"2023-05-30T07:37:58+00:00","breadcrumb":{"@id":"https:\/\/ringstedmaskinfabrik.dk\/de\/geschlossen-waehrend-der-sommerferien-2\/#breadcrumb"},"inLanguage":"de","potentialAction":[{"@type":"ReadAction","target":["https:\/\/ringstedmaskinfabrik.dk\/de\/geschlossen-waehrend-der-sommerferien-2\/"]}]},{"@type":"ImageObject","inLanguage":"de","@id":"https:\/\/ringstedmaskinfabrik.dk\/de\/geschlossen-waehrend-der-sommerferien-2\/#primaryimage","url":"https:\/\/ringstedmaskinfabrik.dk\/wp-content\/uploads\/2023\/05\/sommerferie-2023-ringsted-maskinfabrik_1928.png","contentUrl":"https:\/\/ringstedmaskinfabrik.dk\/wp-content\/uploads\/2023\/05\/sommerferie-2023-ringsted-maskinfabrik_1928.png","width":800,"height":800},{"@type":"BreadcrumbList","@id":"https:\/\/ringstedmaskinfabrik.dk\/de\/geschlossen-waehrend-der-sommerferien-2\/#breadcrumb","itemListElement":[{"@type":"ListItem","position":1,"name":"Forside","item":"https:\/\/ringstedmaskinfabrik.dk\/de\/"},{"@type":"ListItem","position":2,"name":"Geschlossen w\u00e4hrend der Sommerferien"}]},{"@type":"WebSite","@id":"https:\/\/ringstedmaskinfabrik.dk\/de\/#website","url":"https:\/\/ringstedmaskinfabrik.dk\/de\/","name":"Ringsted Maskinfabrik ApS","description":"CNC-fr\u00e6sning, CNC-drejning, pladebearbejdning, svejsning, mekanisk montage m.m.","publisher":{"@id":"https:\/\/ringstedmaskinfabrik.dk\/de\/#organization"},"potentialAction":[{"@type":"SearchAction","target":{"@type":"EntryPoint","urlTemplate":"https:\/\/ringstedmaskinfabrik.dk\/de\/?s={search_term_string}"},"query-input":{"@type":"PropertyValueSpecification","valueRequired":true,"valueName":"search_term_string"}}],"inLanguage":"de"},{"@type":"Organization","@id":"https:\/\/ringstedmaskinfabrik.dk\/de\/#organization","name":"Ringsted Maskinfabrik ApS","url":"https:\/\/ringstedmaskinfabrik.dk\/de\/","logo":{"@type":"ImageObject","inLanguage":"de","@id":"https:\/\/ringstedmaskinfabrik.dk\/de\/#\/schema\/logo\/image\/","url":"https:\/\/ringstedmaskinfabrik.dk\/wp-content\/uploads\/2025\/10\/imgi_3_logo-ringstedmaskinfabrik_708.png","contentUrl":"https:\/\/ringstedmaskinfabrik.dk\/wp-content\/uploads\/2025\/10\/imgi_3_logo-ringstedmaskinfabrik_708.png","width":230,"height":94,"caption":"Ringsted Maskinfabrik ApS"},"image":{"@id":"https:\/\/ringstedmaskinfabrik.dk\/de\/#\/schema\/logo\/image\/"}},{"@type":"Person","@id":"https:\/\/ringstedmaskinfabrik.dk\/de\/#\/schema\/person\/96d63667aad9670b457302591565748f","name":"Admin","url":"https:\/\/ringstedmaskinfabrik.dk\/de\/author\/admin\/"}]}},"_links":{"self":[{"href":"https:\/\/ringstedmaskinfabrik.dk\/de\/wp-json\/wp\/v2\/posts\/10965","targetHints":{"allow":["GET"]}}],"collection":[{"href":"https:\/\/ringstedmaskinfabrik.dk\/de\/wp-json\/wp\/v2\/posts"}],"about":[{"href":"https:\/\/ringstedmaskinfabrik.dk\/de\/wp-json\/wp\/v2\/types\/post"}],"author":[{"embeddable":true,"href":"https:\/\/ringstedmaskinfabrik.dk\/de\/wp-json\/wp\/v2\/users\/5"}],"replies":[{"embeddable":true,"href":"https:\/\/ringstedmaskinfabrik.dk\/de\/wp-json\/wp\/v2\/comments?post=10965"}],"version-history":[{"count":0,"href":"https:\/\/ringstedmaskinfabrik.dk\/de\/wp-json\/wp\/v2\/posts\/10965\/revisions"}],"wp:featuredmedia":[{"embeddable":true,"href":"https:\/\/ringstedmaskinfabrik.dk\/de\/wp-json\/wp\/v2\/media\/10790"}],"wp:attachment":[{"href":"https:\/\/ringstedmaskinfabrik.dk\/de\/wp-json\/wp\/v2\/media?parent=10965"}],"wp:term":[{"taxonomy":"category","embeddable":true,"href":"https:\/\/ringstedmaskinfabrik.dk\/de\/wp-json\/wp\/v2\/categories?post=10965"},{"taxonomy":"post_tag","embeddable":true,"href":"https:\/\/ringstedmaskinfabrik.dk\/de\/wp-json\/wp\/v2\/tags?post=10965"}],"curies":[{"name":"wp","href":"https:\/\/api.w.org\/{rel}","templated":true}]}}